{"id":7156,"date":"2024-01-25T23:13:03","date_gmt":"2024-01-25T20:13:03","guid":{"rendered":"https:\/\/www.niatr.org\/?p=7156"},"modified":"2024-01-30T19:22:12","modified_gmt":"2024-01-30T16:22:12","slug":"nukleer-sanayi-dernegi-yonetim-kurulu-baskanligina-yeniden-alikaan-ciftci-secildi","status":"publish","type":"post","link":"https:\/\/www.niatr.org\/tr\/nukleer-sanayi-dernegi-yonetim-kurulu-baskanligina-yeniden-alikaan-ciftci-secildi\/","title":{"rendered":"N\u00fckleer Sanayi Derne\u011fi Y\u00f6netim Kurulu Ba\u015fkanl\u0131\u011f\u0131na yeniden Alikaan \u00c7ift\u00e7i Se\u00e7ildi"},"content":{"rendered":"<p><strong>N\u00fckleer Sanayi Derne\u011fi (NIATR) Y\u00f6netim Kurulu Ba\u015fkan\u0131 Alikaan \u00c7ift\u00e7i, genel kurul toplant\u0131s\u0131nda yeniden ba\u015fkan se\u00e7ildi. \u00c7ift\u00e7i, T\u00fcrkiye&#8217;nin n\u00fckleer hedefleriyle uyumlu olarak daha etkin \u00e7al\u0131\u015fmalara imza atacaklar\u0131n\u0131 belirtti.<\/strong><\/p>\n<p><img decoding=\"async\" class=\"alignnone size-full wp-image-7157 lazyload\" data-src=\"https:\/\/www.niatr.org\/wp-content\/uploads\/2024\/01\/nukleer-sanayi-dernegi-yonetim-kurulu-baskanl.webp\" alt=\"\" width=\"1200\" height=\"800\" data-srcset=\"https:\/\/www.niatr.org\/wp-content\/uploads\/2024\/01\/nukleer-sanayi-dernegi-yonetim-kurulu-baskanl.webp 1200w, https:\/\/www.niatr.org\/wp-content\/uploads\/2024\/01\/nukleer-sanayi-dernegi-yonetim-kurulu-baskanl-980x653.webp 980w, https:\/\/www.niatr.org\/wp-content\/uploads\/2024\/01\/nukleer-sanayi-dernegi-yonetim-kurulu-baskanl-480x320.webp 480w\" data-sizes=\"(min-width: 0px) and (max-width: 480px) 480px, (min-width: 481px) and (max-width: 980px) 980px, (min-width: 981px) 1200px, 100vw\" src=\"data:image\/svg+xml;base64,PHN2ZyB3aWR0aD0iMSIgaGVpZ2h0PSIxIiB4bWxucz0iaHR0cDovL3d3dy53My5vcmcvMjAwMC9zdmciPjwvc3ZnPg==\" style=\"--smush-placeholder-width: 1200px; --smush-placeholder-aspect-ratio: 1200\/800;\" \/><\/p>\n<p>N\u00fckleer Sanayi Derne\u011fi (NIATR) Y\u00f6netim Kurulu Ba\u015fkan\u0131 yeniden Alikaan \u00c7ift\u00e7i oldu.<\/p>\n<p>NIATR&#8217;den yap\u0131lan a\u00e7\u0131klamada, Derne\u011fin genel kurul toplant\u0131s\u0131n\u0131n ger\u00e7ekle\u015ftirildi\u011fi belirtildi.<\/p>\n<p>Toplant\u0131da Alikaan \u00c7ift\u00e7i&#8217;nin yeniden y\u00f6netim kurulu ba\u015fkanl\u0131\u011f\u0131na se\u00e7ildi\u011fi, Koray Yenig\u00fcrb\u00fcz, \u00d6mer Kaya, Gizem \u00d6zden, Antonie Bondoux ve \u015eevket Alacac\u0131&#8217;n\u0131n ba\u015fkan yard\u0131mc\u0131s\u0131 ve Nesrin Sevimli&#8217;nin genel sekreter olarak belirlendi\u011fi ifade edildi.<\/p>\n<p>Kaan S\u00fcmer, Mert Albayrak, U\u011fur Aytuna, Hasan Ye\u015filo\u011flu ve Bar\u0131\u015f Ya\u011fc\u0131&#8217;n\u0131n da y\u00f6netim kurulu \u00fcyesi oldu\u011fu belirtildi.<\/p>\n<p>A\u00e7\u0131klamada de\u011ferlendirmelerine yer verilen NIATR Ba\u015fkan\u0131 Alikaan \u00c7ift\u00e7i, yeni d\u00f6nemde T\u00fcrkiye&#8217;nin n\u00fckleer hedefleriyle uyumlu olarak daha etkin \u00e7al\u0131\u015fmalara imza atacaklar\u0131n\u0131 vurgulayarak, &#8220;Bu kapsamda hem T\u00fcrkiye&#8217;nin b\u00fcy\u00fcyen n\u00fckleer hedefleri hem de d\u00fcnyadaki bu tablo nedeniyle biz n\u00fckleer sanayiciler olarak rol\u00fcm\u00fcz\u00fc ve etkinli\u011fimizi g\u00fc\u00e7lendirece\u011fiz. Orta Do\u011fu ve Afrika&#8217;da yeni n\u00fckleer santral projelerinde T\u00fcrk \u015firketlerinin imzas\u0131 olsun istiyoruz. T\u00fcrk n\u00fckleer sanayiciler, yeni projelere, d\u00fcnyaya a\u00e7\u0131lmaya haz\u0131r.&#8221; ifadesini kulland\u0131.<\/p>\n<p>Dernek olarak N\u00fckleer Enerji Ajans\u0131 ve Uluslararas\u0131 Atom Enerjisi Ajans\u0131 dahil \u00e7ok say\u0131da kurulu\u015fla g\u00fc\u00e7l\u00fc ileti\u015fim geli\u015ftirdiklerini belirten \u00c7ift\u00e7i, &#8220;N\u00fckleer sekt\u00f6rde \u00e7al\u0131\u015fan di\u011fer kurulu\u015flarla ili\u015fkilerimizi kuvvetlendirmeye devam edece\u011fiz. T\u00fcrk sanayisinin n\u00fckleer enerji sekt\u00f6r\u00fcnde daha aktif olmas\u0131 i\u00e7in proje, etkinliklerimizin say\u0131s\u0131n\u0131 art\u0131raca\u011f\u0131z.&#8221; dedi.<\/p>\n<p>\u00c7ift\u00e7i, uluslararas\u0131 etkile\u015fimi art\u0131rmak i\u00e7in att\u0131klar\u0131 ad\u0131mlarla Londra Merkezli Yeni N\u00fckleer \u0130zleme Enstit\u00fcs\u00fc ve Kore N\u00fckleer Derne\u011fi gibi k\u00fcresel n\u00fckleer end\u00fcstri dernekleriyle yap\u0131lan iyi niyet anla\u015fmas\u0131 say\u0131s\u0131n\u0131n 19&#8217;a ula\u015ft\u0131\u011f\u0131n\u0131 kaydetti. \u00c7ift\u00e7i, gelecek d\u00f6nemde \u00c7in, Birle\u015fik Krall\u0131k, G\u00fcney Kore, Birle\u015fik Arap Emirlikleri, Rusya, ABD ve Kanada&#8217;ya seyahatler d\u00fczenlenece\u011fini belirtti.<\/p>\n<p>Gen\u00e7 yetenekleri desteklemek ve sekt\u00f6re kat\u0131l\u0131mlar\u0131n\u0131 sa\u011flamak amac\u0131yla &#8220;Gen\u00e7lik Komitesi&#8221; kurma fikrini de\u011ferlendirdiklerini ifade eden \u00c7ift\u00e7i, kamu kurumlar\u0131yla ileti\u015fimi art\u0131rmak, sekt\u00f6re y\u00f6nelik inovatif projeler geli\u015ftirmek amac\u0131yla stratejik plan haz\u0131rlad\u0131klar\u0131n\u0131 kaydetti.<\/p>\n<p><strong>Haberin Ba\u011flant\u0131lar\u0131<\/strong><\/p>\n<ul>\n<li><a href=\"https:\/\/www.24saatgazetesi.com\/nukleer-sanayi-dernegi-yonetim-kurulu-baskanligina-yeniden-alikaan-ciftci-secildi\" target=\"_blank\" rel=\"nofollow noopener\">24saatgazetesi.com<\/a><\/li>\n<li><a href=\"https:\/\/www.baskentgazete.com.tr\/nukleer-sanayiciler-dunyaya-acilmaya-hazir\" target=\"_blank\" rel=\"nofollow noopener\">Baskentgazete.com.tr<\/a><\/li>\n<li><a href=\"https:\/\/beyazgazete.com\/haber\/2024\/1\/24\/turk-nukleer-sanayiciler-yeni-projelere-dunyaya-acilmaya-hazir-6986227.html\" target=\"_blank\" rel=\"nofollow noopener\">Beyazgazete.com<\/a><\/li>\n<li><a href=\"https:\/\/www.bursadabugun.com\/haber\/niatr-yonetim-kurulu-baskani-alikaan-ciftci-yeniden-secildi-1679138.html\" target=\"_blank\" rel=\"nofollow noopener\">Bursadabugun.com<\/a><\/li>\n<li><a href=\"https:\/\/www.dunya.com\/sektorler\/yeni-nukleer-santrallerde-turk-imzasi-olacak-haberi-716530\" target=\"_blank\" rel=\"nofollow noopener\">Dunya.com<\/a><\/li>\n<li><a href=\"https:\/\/www.ekonomim.com\/is-dunyasi\/nukleer-sanayi-dernegi-baskanligina-yeniden-alikaan-ciftci-secildi-haberi-726478\" target=\"_blank\" rel=\"nofollow noopener\">Ekonomim.com<\/a><\/li>\n<li><a href=\"https:\/\/www.ekonomist.com.tr\/haberler\/turk-nukleer-sanayiciler-dunyaya-acilmaya-hazir-47308\" target=\"_blank\" rel=\"nofollow noopener\">Ekonomist.com.tr<\/a><\/li>\n<li><a href=\"https:\/\/www.haberler.com\/ekonomi\/niatr-yonetim-kurulu-baskani-alikaan-ciftci-yeniden-secildi-16777243-haberi\/\" target=\"_blank\" rel=\"nofollow noopener\">Haberler.com<\/a><\/li>\n<li><a href=\"https:\/\/www.iha.com.tr\/istanbul-haberleri\/turk-nukleer-sanayiciler-yeni-projelere-dunyaya-acilmaya-hazir-53958833\" target=\"_blank\" rel=\"nofollow noopener\">Iha.com.tr<\/a><\/li>\n<li><a href=\"https:\/\/www.medyagazete.com\/haber\/turk-nukleer-sanayiciler-yeni-projelere-dunyaya-acilmaya-hazir-865209\" target=\"_blank\" rel=\"nofollow noopener\">Medyagazete.com<\/a><\/li>\n<li><a href=\"https:\/\/www.sondakika.com\/ekonomi\/haber-niatr-yonetim-kurulu-baskani-alikaan-ciftci-yenide-16777260\/#:~:text=N%C3%BCkleer%20Sanayi%20Derne%C4%9Fi%20(NIATR)%20Y%C3%B6netim,ise%20genel%20sekreter%20olarak%20belirlendi\" target=\"_blank\" rel=\"nofollow noopener\">Sondakika.com<\/a><\/li>\n<li><a href=\"https:\/\/zafergazetesi.org\/haber\/18994386\/yeniden-alikaan-ciftci?preview=5ac41e1f29ff784395a39dc0e7d6f56f\" target=\"_blank\" rel=\"nofollow noopener\">Zafergazetesi.org<\/a><\/li>\n<\/ul>\n<p>&nbsp;<\/p>\n","protected":false},"excerpt":{"rendered":"<p>N\u00fckleer Sanayi Derne\u011fi (NIATR) Y\u00f6netim Kurulu Ba\u015fkan\u0131 Alikaan \u00c7ift\u00e7i, genel kurul toplant\u0131s\u0131nda yeniden ba\u015fkan se\u00e7ildi. \u00c7ift\u00e7i, T\u00fcrkiye&#8217;nin n\u00fckleer hedefleriyle uyumlu olarak daha etkin \u00e7al\u0131\u015fmalara imza atacaklar\u0131n\u0131 belirtti. N\u00fckleer Sanayi Derne\u011fi (NIATR) Y\u00f6netim Kurulu Ba\u015fkan\u0131 yeniden Alikaan \u00c7ift\u00e7i oldu. NIATR&#8217;den yap\u0131lan a\u00e7\u0131klamada, Derne\u011fin genel kurul toplant\u0131s\u0131n\u0131n ger\u00e7ekle\u015ftirildi\u011fi belirtildi. Toplant\u0131da Alikaan \u00c7ift\u00e7i&#8217;nin yeniden y\u00f6netim kurulu ba\u015fkanl\u0131\u011f\u0131na se\u00e7ildi\u011fi, [&hellip;]<\/p>\n","protected":false},"author":2,"featured_media":7157,"comment_status":"closed","ping_status":"closed","sticky":false,"template":"","format":"standard","meta":{"_et_pb_use_builder":"","_et_pb_old_content":"","_et_gb_content_width":"","wds_primary_category":0,"footnotes":"","_links_to":"","_links_to_target":""},"categories":[15],"tags":[],"class_list":["post-7156","post","type-post","status-publish","format-standard","has-post-thumbnail","hentry","category-duyurular-ve-haberler"],"_links":{"self":[{"href":"https:\/\/www.niatr.org\/tr\/wp-json\/wp\/v2\/posts\/7156","targetHints":{"allow":["GET"]}}],"collection":[{"href":"https:\/\/www.niatr.org\/tr\/wp-json\/wp\/v2\/posts"}],"about":[{"href":"https:\/\/www.niatr.org\/tr\/wp-json\/wp\/v2\/types\/post"}],"author":[{"embeddable":true,"href":"https:\/\/www.niatr.org\/tr\/wp-json\/wp\/v2\/users\/2"}],"replies":[{"embeddable":true,"href":"https:\/\/www.niatr.org\/tr\/wp-json\/wp\/v2\/comments?post=7156"}],"version-history":[{"count":0,"href":"https:\/\/www.niatr.org\/tr\/wp-json\/wp\/v2\/posts\/7156\/revisions"}],"wp:featuredmedia":[{"embeddable":true,"href":"https:\/\/www.niatr.org\/tr\/wp-json\/wp\/v2\/media\/7157"}],"wp:attachment":[{"href":"https:\/\/www.niatr.org\/tr\/wp-json\/wp\/v2\/media?parent=7156"}],"wp:term":[{"taxonomy":"category","embeddable":true,"href":"https:\/\/www.niatr.org\/tr\/wp-json\/wp\/v2\/categories?post=7156"},{"taxonomy":"post_tag","embeddable":true,"href":"https:\/\/www.niatr.org\/tr\/wp-json\/wp\/v2\/tags?post=7156"}],"curies":[{"name":"wp","href":"https:\/\/api.w.org\/{rel}","templated":true}]}}